{"id":1633,"date":"2015-07-11T09:11:40","date_gmt":"2015-07-11T07:11:40","guid":{"rendered":"http:\/\/freie-schule-pankow.de\/?p=1633"},"modified":"2026-03-11T16:50:53","modified_gmt":"2026-03-11T14:50:53","slug":"mit-pauken-und-theater-so-war-das-fsp-sommerfest-2015","status":"publish","type":"post","link":"https:\/\/www.freie-schule-pankow.de\/fr\/mit-pauken-und-theater-so-war-das-fsp-sommerfest-2015\/","title":{"rendered":"Mit Pauken und Theater: So war das FSP-Sommerfest 2015!"},"content":{"rendered":"<p>&#8220;Kurz vor Schluss&#8221; noch ein Highlight: Bevor wir \u00fcber die Sommerferien unsere Schulpforten schlie\u00dfen und in die Ferien starten, feiern wir Jahr f\u00fcr Jahr ein gemeinsames Sommerfest. Mit Tanz und Theater, Trommeln und &#8211; das darf nicht fehlen &#8211; einem tollen Buffet. So auch dieses Jahr: <\/p>\n<p>Unsere beiden Theatergruppen &#8220;Theater_Kleine&#8221; und Theater_Gro\u00dfe&#8221; hatten schon seit Wochen jeweils ein Theaterst\u00fcck vorbereitet &#8211; mit verteilten Rollen, gro\u00dfen B\u00fchnenbildern, digitalisierten Hintergrundger\u00e4uschen und allem, was eben so dazugeh\u00f6rt; die kleine Singgruppe hatte verschiedene Kanon-St\u00fccke einstudiert, die Trommelgruppe erfreute das Publikum mit einem &#8220;Fliegen-Klatsch-Spiel&#8221;, es gab eine toll choreografierte Tanzeinlage und auch die Schulband &#8220;Vorsicht Stufe&#8221; spielte zwei ihrer besten Percussion-St\u00fccke vor der Schule.<\/p>\n<p>Dazu gab es S\u00fc\u00dfes und Herzhaftes, viele sch\u00f6ne Gespr\u00e4che zwischen Kindern, Eltern und Team &#8211; einfach gute Stimmung eben!<\/p>\n<p>[slideshow_deploy id=&#8217;1638&#8242;]<\/p>\n<p>Vielen Dank besonders an die Programmbeteiligten, an die Mitglieder der &#8220;Partygruppe&#8221; sowie an alle, die spontan flei\u00dfig mitgeholfen haben, um unser Sommerfest auch in diesem Jahr zu einem solchen Erfolg werden zu lassen.<\/p>\n","protected":false},"excerpt":{"rendered":"<p>&#8220;Kurz vor Schluss&#8221; noch ein Highlight: Bevor wir \u00fcber die Sommerferien unsere Schulpforten schlie\u00dfen und in die Ferien starten, feiern wir Jahr f\u00fcr Jahr ein gemeinsames Sommerfest. Mit Tanz und Theater, Trommeln und &#8211; das darf nicht fehlen &#8211; einem tollen Buffet. So auch dieses<\/p>\n","protected":false},"author":1,"featured_media":0,"comment_status":"closed","ping_status":"closed","sticky":false,"template":"","format":"standard","meta":{"footnotes":""},"categories":[9],"tags":[],"class_list":["post-1633","post","type-post","status-publish","format-standard","hentry","category-schulblog"],"translation":{"provider":"WPGlobus","version":"3.0.2","language":"fr","enabled_languages":["de","gb","es","fr"],"languages":{"de":{"title":true,"content":true,"excerpt":false},"gb":{"title":false,"content":false,"excerpt":false},"es":{"title":false,"content":false,"excerpt":false},"fr":{"title":false,"content":false,"excerpt":false}}},"_links":{"self":[{"href":"https:\/\/www.freie-schule-pankow.de\/fr\/wp-json\/wp\/v2\/posts\/1633","targetHints":{"allow":["GET"]}}],"collection":[{"href":"https:\/\/www.freie-schule-pankow.de\/fr\/wp-json\/wp\/v2\/posts"}],"about":[{"href":"https:\/\/www.freie-schule-pankow.de\/fr\/wp-json\/wp\/v2\/types\/post"}],"author":[{"embeddable":true,"href":"https:\/\/www.freie-schule-pankow.de\/fr\/wp-json\/wp\/v2\/users\/1"}],"replies":[{"embeddable":true,"href":"https:\/\/www.freie-schule-pankow.de\/fr\/wp-json\/wp\/v2\/comments?post=1633"}],"version-history":[{"count":2,"href":"https:\/\/www.freie-schule-pankow.de\/fr\/wp-json\/wp\/v2\/posts\/1633\/revisions"}],"predecessor-version":[{"id":1648,"href":"https:\/\/www.freie-schule-pankow.de\/fr\/wp-json\/wp\/v2\/posts\/1633\/revisions\/1648"}],"wp:attachment":[{"href":"https:\/\/www.freie-schule-pankow.de\/fr\/wp-json\/wp\/v2\/media?parent=1633"}],"wp:term":[{"taxonomy":"category","embeddable":true,"href":"https:\/\/www.freie-schule-pankow.de\/fr\/wp-json\/wp\/v2\/categories?post=1633"},{"taxonomy":"post_tag","embeddable":true,"href":"https:\/\/www.freie-schule-pankow.de\/fr\/wp-json\/wp\/v2\/tags?post=1633"}],"curies":[{"name":"wp","href":"https:\/\/api.w.org\/{rel}","templated":true}]}}